{"id":1837,"date":"2024-04-04T15:49:00","date_gmt":"2024-04-04T13:49:00","guid":{"rendered":"https:\/\/choralineskorholen.org\/?p=1837"},"modified":"2024-04-05T14:54:34","modified_gmt":"2024-04-05T12:54:34","slug":"pavane-de-thoinot-arbeau","status":"publish","type":"post","link":"https:\/\/choralineskorholen.org\/index.php\/2024\/04\/04\/pavane-de-thoinot-arbeau\/","title":{"rendered":"Pavane, de Thoinot Arbeau"},"content":{"rendered":"\n<p>Pavane ou <em>\u00ab\u00a0Belle qui tient ma vie\u00a0\u00bb<\/em> est une \u0153uvre compos\u00e9e par Thoinot Arbeau et qui c\u00e9l\u00e8bre l&rsquo;amour courtois.<\/p>\n\n\n\n<div class=\"wp-block-group\"><div class=\"wp-block-group__inner-container is-layout-constrained wp-block-group-is-layout-constrained\">\n<p>Cette \u0153uvre, chant\u00e9e dans plusieurs \u00e9pisodes de la s\u00e9rie t\u00e9l\u00e9vis\u00e9e fran\u00e7aise Kaamellot, fait partie de notre r\u00e9pertoire  &#8211; au m\u00eame titre que <em>Viva tutte le Vezzoze<\/em> de Felice GIARDINI , contemporain de Mozart,   qui c\u00e9l\u00e8bre la gent f\u00e9minine &#8211; et sera interpr\u00e9t\u00e9e lors de nos prochains concerts le Dimanche 9 Juin \u00e0 15h30  en l &lsquo;Abbatiale de SAINT-GILDAS-des-BOIS avec l &lsquo;Ensemble Vocal de SAINT-GILDAS-des-BOIS tous deux dirig\u00e9s par Christophe Vincent, mais aussi le 13 et 14 Juin \u00e0 PIRIAC et MESQUER lors de la r\u00e9ception de la chorale italienne Coro NIGRITELLA de TORINO dirig\u00e9e par Willem Tousijn. <br>\u00ab Belle qui tiens ma vie<br>Captive dans tes yeux,<br>Qui m&rsquo;as l\u2019\u00e2me ravie<br>D&rsquo;un sourire gracieux,<br>Viens t\u00f4t me secourir<br>Ou me faudra mourir.<\/p>\n<\/div><\/div>\n\n\n\n<p><\/p>\n\n\n\n<figure class=\"wp-block-embed is-type-video is-provider-youtube wp-block-embed-youtube wp-embed-aspect-16-9 wp-has-aspect-ratio\"><div class=\"wp-block-embed__wrapper\">\n<iframe loading=\"lazy\" title=\"Pavane (Thoinot Arbeau)\" width=\"700\" height=\"394\" src=\"https:\/\/www.youtube.com\/embed\/dwPmTzeQ_jc?feature=oembed\" frameborder=\"0\" allow=\"accelerometer; autoplay; clipboard-write; encrypted-media; gyroscope; picture-in-picture; web-share\" referrerpolicy=\"strict-origin-when-cross-origin\" allowfullscreen><\/iframe>\n<\/div><\/figure>\n\n\n\n<p>                                                             <\/p>\n\n\n\n<p><strong>R\u00e9servez vos dates  !!<\/strong> <br><strong>Dimanche 9 juin 2024  Abbatiale de Saint Gildas des Bois               15:30<\/strong><br><strong>Vendredi 13 Juin 2024   Eglise St Etienne    de Piriac                         21:00<br>Samedi 14 Juin 2024 Eglise ND de l&rsquo;Assomption de Mesquer          21:00<\/strong><\/p>\n\n\n\n<p><\/p>\n<div style=\"padding-bottom:20px; padding-top:10px;\" class=\"hupso-share-buttons\"><!-- Hupso Share Buttons - https:\/\/www.hupso.com\/share\/ --><a class=\"hupso_toolbar\" href=\"https:\/\/www.hupso.com\/share\/\"><img decoding=\"async\" src=\"https:\/\/static.hupso.com\/share\/buttons\/lang\/fr\/share-small.png\" style=\"border:0px; padding-top: 5px; float:left;\" alt=\"Share Button\"\/><\/a><script type=\"text\/javascript\">var hupso_services_t=new Array(\"Twitter\",\"Facebook\",\"Google Plus\");var hupso_title_t=\"Partager\";var hupso_background_t=\"#EAF4FF\";var hupso_border_t=\"#66CCFF\";var hupso_toolbar_size_t=\"small\";var hupso_image_folder_url = \"\";var hupso_url_t=\"\";var hupso_title_t=\"Partager\";<\/script><script type=\"text\/javascript\" src=\"https:\/\/static.hupso.com\/share\/js\/share_toolbar.js\"><\/script><!-- Hupso Share Buttons --><\/div>","protected":false},"excerpt":{"rendered":"<p>Pavane ou \u00ab\u00a0Belle qui tient ma vie\u00a0\u00bb est une \u0153uvre compos\u00e9e par Thoinot Arbeau et qui c\u00e9l\u00e8bre l&rsquo;amour courtois. Cette \u0153uvre, chant\u00e9e dans plusieurs \u00e9pisodes de la s\u00e9rie t\u00e9l\u00e9vis\u00e9e fran\u00e7aise Kaamellot, fait partie de notre r\u00e9pertoire &#8211; au m\u00eame titre&hellip; <\/p>\n<div style=\"padding-bottom:20px; padding-top:10px;\" class=\"hupso-share-buttons\"><!-- Hupso Share Buttons - https:\/\/www.hupso.com\/share\/ --><a class=\"hupso_toolbar\" href=\"https:\/\/www.hupso.com\/share\/\"><img src=\"https:\/\/static.hupso.com\/share\/buttons\/lang\/fr\/share-small.png\" style=\"border:0px; padding-top: 5px; float:left;\" alt=\"Share Button\"\/><\/a><script type=\"text\/javascript\">var hupso_services_t=new Array(\"Twitter\",\"Facebook\",\"Google Plus\");var hupso_title_t=\"Partager\";var hupso_background_t=\"#EAF4FF\";var hupso_border_t=\"#66CCFF\";var hupso_toolbar_size_t=\"small\";var hupso_image_folder_url = \"\";var hupso_url_t=\"\";var hupso_title_t=\"Partager\";<\/script><script type=\"text\/javascript\" src=\"https:\/\/static.hupso.com\/share\/js\/share_toolbar.js\"><\/script><!-- Hupso Share Buttons --><\/div>","protected":false},"author":5,"featured_media":0,"comment_status":"closed","ping_status":"closed","sticky":false,"template":"","format":"standard","meta":{"footnotes":""},"categories":[1],"tags":[],"class_list":["post-1837","post","type-post","status-publish","format-standard","hentry","category-non-classe"],"publishpress_future_action":{"enabled":false,"date":"2026-05-06 14:17:20","action":"change-status","newStatus":"draft","terms":[],"taxonomy":"category"},"publishpress_future_workflow_manual_trigger":{"enabledWorkflows":[]},"_links":{"self":[{"href":"https:\/\/choralineskorholen.org\/index.php\/wp-json\/wp\/v2\/posts\/1837","targetHints":{"allow":["GET"]}}],"collection":[{"href":"https:\/\/choralineskorholen.org\/index.php\/wp-json\/wp\/v2\/posts"}],"about":[{"href":"https:\/\/choralineskorholen.org\/index.php\/wp-json\/wp\/v2\/types\/post"}],"author":[{"embeddable":true,"href":"https:\/\/choralineskorholen.org\/index.php\/wp-json\/wp\/v2\/users\/5"}],"replies":[{"embeddable":true,"href":"https:\/\/choralineskorholen.org\/index.php\/wp-json\/wp\/v2\/comments?post=1837"}],"version-history":[{"count":0,"href":"https:\/\/choralineskorholen.org\/index.php\/wp-json\/wp\/v2\/posts\/1837\/revisions"}],"wp:attachment":[{"href":"https:\/\/choralineskorholen.org\/index.php\/wp-json\/wp\/v2\/media?parent=1837"}],"wp:term":[{"taxonomy":"category","embeddable":true,"href":"https:\/\/choralineskorholen.org\/index.php\/wp-json\/wp\/v2\/categories?post=1837"},{"taxonomy":"post_tag","embeddable":true,"href":"https:\/\/choralineskorholen.org\/index.php\/wp-json\/wp\/v2\/tags?post=1837"}],"curies":[{"name":"wp","href":"https:\/\/api.w.org\/{rel}","templated":true}]}}